{"id":925,"date":"2025-03-11T15:09:44","date_gmt":"2025-03-11T15:09:44","guid":{"rendered":"https:\/\/www.covid19evaluation.ie\/an-t-eolas-is-deanai-ar-luathobair-bhreithmheastoireacht-covid-19\/"},"modified":"2025-03-25T17:16:37","modified_gmt":"2025-03-25T17:16:37","slug":"an-t-eolas-is-deanai-ar-luathobair-bhreithmheastoireacht-covid-19","status":"publish","type":"post","link":"https:\/\/www.covid19evaluation.ie\/ga\/an-t-eolas-is-deanai-ar-luathobair-bhreithmheastoireacht-covid-19\/","title":{"rendered":"An t-eolas is d\u00e9ana\u00ed ar luathobair Bhreithmheast\u00f3ireacht COVID-19"},"content":{"rendered":"\n<div class=\"wp-block-uagb-container uagb-block-a76731c2 alignfull uagb-is-root-container\"><div class=\"uagb-container-inner-blocks-wrap\">\n<div class=\"wp-block-uagb-advanced-heading uagb-block-ea61bef4\"><p class=\"uagb-heading-text\"><a href=\"https:\/\/www.covid19evaluation.ie\/ga\/\">Baile<\/a>&nbsp;&gt;&nbsp;<a href=\"https:\/\/www.covid19evaluation.ie\/ga\/nuacht-agus-an-teolas-is-deanai\/\">Nuacht agus an tEolas is D\u00e9ana\u00ed<\/a><\/p><\/div>\n\n\n\n<div class=\"wp-block-uagb-advanced-heading uagb-block-b86a7273\"><h1 class=\"uagb-heading-text\">An t-eolas is d\u00e9ana\u00ed ar luathobair Bhreithmheast\u00f3ireacht COVID-19 <\/h1><\/div>\n\n\n\n<div class=\"wp-block-uagb-advanced-heading uagb-block-6f16785a\"><p class=\"uagb-heading-text\"><span data-spectra-dc-field=\"current_post|post_date|post_date_gmt|d\/m\/Y\" class=\"uag-pro-dynamic-content\">11\/03\/2025<\/span><\/p><\/div>\n\n\n\n<div class=\"wp-block-uagb-advanced-heading uagb-block-4d277bc7\"><p class=\"uagb-heading-text\">Le c\u00fapla seachtain anuas, t\u00e1 Breithmheast\u00f3ireacht COVID-19 d\u00edrithe ar obair ullmh\u00fach\u00e1in agus ar bheith ag cur leis an bhfoireann.<\/p><\/div>\n\n\n\n<div class=\"wp-block-uagb-advanced-heading uagb-block-dcf27100\"><p class=\"uagb-heading-text\">T\u00e1 an-\u00e1thas ar an gCathaoirleach a dheimhni\u00fa go bhfuil an <a href=\"\/ga\/fuin\/#heymann-bio\">tOllamh David Heymann<\/a> le bheith ar an bPain\u00e9al Breithmheast\u00f3ireachta. Roinnfidh seisean an saibhreas de thaith\u00ed idirn\u00e1isi\u00fanta at\u00e1 aige i gc\u00farsa\u00ed sl\u00e1inte leis an bpain\u00e9al. T\u00e1 an Bhreithmheast\u00f3ireacht ag tn\u00fath le cur le ballra\u00edocht an phain\u00e9il, agus t\u00e1thar i mbun pr\u00f3isis faoi l\u00e1thair chun comhalta\u00ed a aithint agus\/n\u00f3 a dheimhni\u00fa.<\/p><\/div>\n\n\n\n<div class=\"wp-block-uagb-advanced-heading uagb-block-bbbb0bb4\"><p class=\"uagb-heading-text\">I gcomhr\u00e9ir lena Chl\u00e1r Oibre c\u00e9imnithe, t\u00e1 faisn\u00e9is forl\u00e9argais tosaigh iarrtha ag an gCathaoirleach \u00f3 Ranna Rialtais agus \u00f3 phr\u00edomhghn\u00edomhaireachta\u00ed a raibh baint dh\u00edreach acu le bainisti\u00fa na h\u00c9ireann ar an bpaind\u00e9im. Tac\u00f3idh an fhianaise seo leis an bPain\u00e9al Breithmheast\u00f3ireachta cuntas f\u00edorasach a chur i dtoll a ch\u00e9ile ar an strait\u00e9is fhorioml\u00e1n agus ar an gcur chuige forioml\u00e1n i leith phlean\u00e1il agus l\u00e1imhse\u00e1il na paind\u00e9ime.  Cuirfidh s\u00e9 buneolas ar f\u00e1il freisin tr\u00e1th a mbeidh machnamh \u00e1 dh\u00e9anamh ar na ceachtanna a foghlaim\u00edodh.<\/p><\/div>\n\n\n\n<div class=\"wp-block-uagb-advanced-heading uagb-block-f29c2db8\"><p class=\"uagb-heading-text\">Agus com\u00f3radh 5 bliana na paind\u00e9ime buailte linn, t\u00e1 t\u00fas \u00e1 chur ag an mBreithmheast\u00f3ireacht le hobair ch\u00falra ar thionchair fhairsinge na paind\u00e9ime, tionchair a bh\u00ed \u00e9agothrom go minic, sula dtabharfar faoi chomhairli\u00fach\u00e1n agus rannph\u00e1irt\u00edocht phoibl\u00ed fhorleathan, a bheidh ar si\u00fal sna seachtain\u00ed agus sna m\u00edonna amach romhainn.<\/p><\/div>\n<\/div><\/div>\n\n\n\n<p><\/p>\n","protected":false},"excerpt":{"rendered":"<p>Baile&nbsp;&gt;&nbsp;Nuacht agus an tEolas is D\u00e9ana\u00ed An t-eolas is d\u00e9ana\u00ed ar luathobair Bhreithmheast\u00f3ireacht COVID-19 11\/03\/2025 Le c\u00fapla seachtain anuas, t\u00e1 Breithmheast\u00f3ireacht COVID-19 d\u00edrithe ar obair ullmh\u00fach\u00e1in agus ar bheith ag cur leis an bhfoireann. T\u00e1 an-\u00e1thas ar an gCathaoirleach a dheimhni\u00fa go bhfuil an tOllamh David Heymann le bheith ar an bPain\u00e9al Breithmheast\u00f3ireachta. Roinnfidh seisean [&hellip;]<\/p>\n","protected":false},"author":5,"featured_media":0,"comment_status":"closed","ping_status":"closed","sticky":false,"template":"","format":"standard","meta":{"_acf_changed":false,"_uag_custom_page_level_css":"","footnotes":""},"categories":[],"tags":[],"class_list":["post-925","post","type-post","status-publish","format-standard","hentry"],"acf":[],"yoast_head":"<!-- This site is optimized with the Yoast SEO plugin v27.2 - https:\/\/yoast.com\/product\/yoast-seo-wordpress\/ -->\n<title>An t-eolas is d\u00e9ana\u00ed ar luathobair Bhreithmheast\u00f3ireacht COVID-19 - COVID-19 Evaluation<\/title>\n<meta name=\"robots\" content=\"index, follow, max-snippet:-1, max-image-preview:large, max-video-preview:-1\" \/>\n<link rel=\"canonical\" href=\"https:\/\/www.covid19evaluation.ie\/ga\/an-t-eolas-is-deanai-ar-luathobair-bhreithmheastoireacht-covid-19\/\" \/>\n<meta property=\"og:locale\" content=\"ga_IE\" \/>\n<meta property=\"og:type\" content=\"article\" \/>\n<meta property=\"og:title\" content=\"An t-eolas is d\u00e9ana\u00ed ar luathobair Bhreithmheast\u00f3ireacht COVID-19 - COVID-19 Evaluation\" \/>\n<meta property=\"og:description\" content=\"Baile&nbsp;&gt;&nbsp;Nuacht agus an tEolas is D\u00e9ana\u00ed An t-eolas is d\u00e9ana\u00ed ar luathobair Bhreithmheast\u00f3ireacht COVID-19 11\/03\/2025 Le c\u00fapla seachtain anuas, t\u00e1 Breithmheast\u00f3ireacht COVID-19 d\u00edrithe ar obair ullmh\u00fach\u00e1in agus ar bheith ag cur leis an bhfoireann. T\u00e1 an-\u00e1thas ar an gCathaoirleach a dheimhni\u00fa go bhfuil an tOllamh David Heymann le bheith ar an bPain\u00e9al Breithmheast\u00f3ireachta. Roinnfidh seisean [&hellip;]\" \/>\n<meta property=\"og:url\" content=\"https:\/\/www.covid19evaluation.ie\/ga\/an-t-eolas-is-deanai-ar-luathobair-bhreithmheastoireacht-covid-19\/\" \/>\n<meta property=\"og:site_name\" content=\"COVID-19 Evaluation\" \/>\n<meta property=\"article:published_time\" content=\"2025-03-11T15:09:44+00:00\" \/>\n<meta property=\"article:modified_time\" content=\"2025-03-25T17:16:37+00:00\" \/>\n<meta name=\"author\" content=\"Padraig\" \/>\n<meta name=\"twitter:card\" content=\"summary_large_image\" \/>\n<meta name=\"twitter:label1\" content=\"Written by\" \/>\n\t<meta name=\"twitter:data1\" content=\"Padraig\" \/>\n\t<meta name=\"twitter:label2\" content=\"Est. reading time\" \/>\n\t<meta name=\"twitter:data2\" content=\"1 minute\" \/>\n<script type=\"application\/ld+json\" class=\"yoast-schema-graph\">{\"@context\":\"https:\/\/schema.org\",\"@graph\":[{\"@type\":\"Article\",\"@id\":\"https:\/\/www.covid19evaluation.ie\/ga\/an-t-eolas-is-deanai-ar-luathobair-bhreithmheastoireacht-covid-19\/#article\",\"isPartOf\":{\"@id\":\"https:\/\/www.covid19evaluation.ie\/ga\/an-t-eolas-is-deanai-ar-luathobair-bhreithmheastoireacht-covid-19\/\"},\"author\":{\"name\":\"Padraig\",\"@id\":\"https:\/\/www.covid19evaluation.ie\/#\/schema\/person\/f05dc0494ce21cabb8a3aebdab17fef6\"},\"headline\":\"An t-eolas is d\u00e9ana\u00ed ar luathobair Bhreithmheast\u00f3ireacht COVID-19\",\"datePublished\":\"2025-03-11T15:09:44+00:00\",\"dateModified\":\"2025-03-25T17:16:37+00:00\",\"mainEntityOfPage\":{\"@id\":\"https:\/\/www.covid19evaluation.ie\/ga\/an-t-eolas-is-deanai-ar-luathobair-bhreithmheastoireacht-covid-19\/\"},\"wordCount\":293,\"publisher\":{\"@id\":\"https:\/\/www.covid19evaluation.ie\/#organization\"},\"inLanguage\":\"ga-IE\"},{\"@type\":\"WebPage\",\"@id\":\"https:\/\/www.covid19evaluation.ie\/ga\/an-t-eolas-is-deanai-ar-luathobair-bhreithmheastoireacht-covid-19\/\",\"url\":\"https:\/\/www.covid19evaluation.ie\/ga\/an-t-eolas-is-deanai-ar-luathobair-bhreithmheastoireacht-covid-19\/\",\"name\":\"An t-eolas is d\u00e9ana\u00ed ar luathobair Bhreithmheast\u00f3ireacht COVID-19 - COVID-19 Evaluation\",\"isPartOf\":{\"@id\":\"https:\/\/www.covid19evaluation.ie\/#website\"},\"datePublished\":\"2025-03-11T15:09:44+00:00\",\"dateModified\":\"2025-03-25T17:16:37+00:00\",\"breadcrumb\":{\"@id\":\"https:\/\/www.covid19evaluation.ie\/ga\/an-t-eolas-is-deanai-ar-luathobair-bhreithmheastoireacht-covid-19\/#breadcrumb\"},\"inLanguage\":\"ga-IE\",\"potentialAction\":[{\"@type\":\"ReadAction\",\"target\":[\"https:\/\/www.covid19evaluation.ie\/ga\/an-t-eolas-is-deanai-ar-luathobair-bhreithmheastoireacht-covid-19\/\"]}]},{\"@type\":\"BreadcrumbList\",\"@id\":\"https:\/\/www.covid19evaluation.ie\/ga\/an-t-eolas-is-deanai-ar-luathobair-bhreithmheastoireacht-covid-19\/#breadcrumb\",\"itemListElement\":[{\"@type\":\"ListItem\",\"position\":1,\"name\":\"Home\",\"item\":\"https:\/\/www.covid19evaluation.ie\/ga\/\"},{\"@type\":\"ListItem\",\"position\":2,\"name\":\"An t-eolas is d\u00e9ana\u00ed ar luathobair Bhreithmheast\u00f3ireacht COVID-19\"}]},{\"@type\":\"WebSite\",\"@id\":\"https:\/\/www.covid19evaluation.ie\/#website\",\"url\":\"https:\/\/www.covid19evaluation.ie\/\",\"name\":\"https:\/\/www.covid19evaluation.ie\/\",\"description\":\"\",\"publisher\":{\"@id\":\"https:\/\/www.covid19evaluation.ie\/#organization\"},\"potentialAction\":[{\"@type\":\"SearchAction\",\"target\":{\"@type\":\"EntryPoint\",\"urlTemplate\":\"https:\/\/www.covid19evaluation.ie\/?s={search_term_string}\"},\"query-input\":{\"@type\":\"PropertyValueSpecification\",\"valueRequired\":true,\"valueName\":\"search_term_string\"}}],\"inLanguage\":\"ga-IE\"},{\"@type\":\"Organization\",\"@id\":\"https:\/\/www.covid19evaluation.ie\/#organization\",\"name\":\"COVID-19 Evaluation Panel\",\"url\":\"https:\/\/www.covid19evaluation.ie\/\",\"logo\":{\"@type\":\"ImageObject\",\"inLanguage\":\"ga-IE\",\"@id\":\"https:\/\/www.covid19evaluation.ie\/#\/schema\/logo\/image\/\",\"url\":\"https:\/\/www.covid19evaluation.ie\/app\/uploads\/2025\/01\/C19Eval-Logo.png\",\"contentUrl\":\"https:\/\/www.covid19evaluation.ie\/app\/uploads\/2025\/01\/C19Eval-Logo.png\",\"width\":499,\"height\":181,\"caption\":\"COVID-19 Evaluation Panel\"},\"image\":{\"@id\":\"https:\/\/www.covid19evaluation.ie\/#\/schema\/logo\/image\/\"}},{\"@type\":\"Person\",\"@id\":\"https:\/\/www.covid19evaluation.ie\/#\/schema\/person\/f05dc0494ce21cabb8a3aebdab17fef6\",\"name\":\"Padraig\",\"image\":{\"@type\":\"ImageObject\",\"inLanguage\":\"ga-IE\",\"@id\":\"https:\/\/secure.gravatar.com\/avatar\/95919b15397c5874edbfcd2956fd11ba92f0c1ea67df40f470e6f664c488e1f6?s=96&d=mm&r=g\",\"url\":\"https:\/\/secure.gravatar.com\/avatar\/95919b15397c5874edbfcd2956fd11ba92f0c1ea67df40f470e6f664c488e1f6?s=96&d=mm&r=g\",\"contentUrl\":\"https:\/\/secure.gravatar.com\/avatar\/95919b15397c5874edbfcd2956fd11ba92f0c1ea67df40f470e6f664c488e1f6?s=96&d=mm&r=g\",\"caption\":\"Padraig\"}}]}<\/script>\n<!-- \/ Yoast SEO plugin. -->","yoast_head_json":{"title":"An t-eolas is d\u00e9ana\u00ed ar luathobair Bhreithmheast\u00f3ireacht COVID-19 - COVID-19 Evaluation","robots":{"index":"index","follow":"follow","max-snippet":"max-snippet:-1","max-image-preview":"max-image-preview:large","max-video-preview":"max-video-preview:-1"},"canonical":"https:\/\/www.covid19evaluation.ie\/ga\/an-t-eolas-is-deanai-ar-luathobair-bhreithmheastoireacht-covid-19\/","og_locale":"ga_IE","og_type":"article","og_title":"An t-eolas is d\u00e9ana\u00ed ar luathobair Bhreithmheast\u00f3ireacht COVID-19 - COVID-19 Evaluation","og_description":"Baile&nbsp;&gt;&nbsp;Nuacht agus an tEolas is D\u00e9ana\u00ed An t-eolas is d\u00e9ana\u00ed ar luathobair Bhreithmheast\u00f3ireacht COVID-19 11\/03\/2025 Le c\u00fapla seachtain anuas, t\u00e1 Breithmheast\u00f3ireacht COVID-19 d\u00edrithe ar obair ullmh\u00fach\u00e1in agus ar bheith ag cur leis an bhfoireann. T\u00e1 an-\u00e1thas ar an gCathaoirleach a dheimhni\u00fa go bhfuil an tOllamh David Heymann le bheith ar an bPain\u00e9al Breithmheast\u00f3ireachta. Roinnfidh seisean [&hellip;]","og_url":"https:\/\/www.covid19evaluation.ie\/ga\/an-t-eolas-is-deanai-ar-luathobair-bhreithmheastoireacht-covid-19\/","og_site_name":"COVID-19 Evaluation","article_published_time":"2025-03-11T15:09:44+00:00","article_modified_time":"2025-03-25T17:16:37+00:00","author":"Padraig","twitter_card":"summary_large_image","twitter_misc":{"Written by":"Padraig","Est. reading time":"1 minute"},"schema":{"@context":"https:\/\/schema.org","@graph":[{"@type":"Article","@id":"https:\/\/www.covid19evaluation.ie\/ga\/an-t-eolas-is-deanai-ar-luathobair-bhreithmheastoireacht-covid-19\/#article","isPartOf":{"@id":"https:\/\/www.covid19evaluation.ie\/ga\/an-t-eolas-is-deanai-ar-luathobair-bhreithmheastoireacht-covid-19\/"},"author":{"name":"Padraig","@id":"https:\/\/www.covid19evaluation.ie\/#\/schema\/person\/f05dc0494ce21cabb8a3aebdab17fef6"},"headline":"An t-eolas is d\u00e9ana\u00ed ar luathobair Bhreithmheast\u00f3ireacht COVID-19","datePublished":"2025-03-11T15:09:44+00:00","dateModified":"2025-03-25T17:16:37+00:00","mainEntityOfPage":{"@id":"https:\/\/www.covid19evaluation.ie\/ga\/an-t-eolas-is-deanai-ar-luathobair-bhreithmheastoireacht-covid-19\/"},"wordCount":293,"publisher":{"@id":"https:\/\/www.covid19evaluation.ie\/#organization"},"inLanguage":"ga-IE"},{"@type":"WebPage","@id":"https:\/\/www.covid19evaluation.ie\/ga\/an-t-eolas-is-deanai-ar-luathobair-bhreithmheastoireacht-covid-19\/","url":"https:\/\/www.covid19evaluation.ie\/ga\/an-t-eolas-is-deanai-ar-luathobair-bhreithmheastoireacht-covid-19\/","name":"An t-eolas is d\u00e9ana\u00ed ar luathobair Bhreithmheast\u00f3ireacht COVID-19 - COVID-19 Evaluation","isPartOf":{"@id":"https:\/\/www.covid19evaluation.ie\/#website"},"datePublished":"2025-03-11T15:09:44+00:00","dateModified":"2025-03-25T17:16:37+00:00","breadcrumb":{"@id":"https:\/\/www.covid19evaluation.ie\/ga\/an-t-eolas-is-deanai-ar-luathobair-bhreithmheastoireacht-covid-19\/#breadcrumb"},"inLanguage":"ga-IE","potentialAction":[{"@type":"ReadAction","target":["https:\/\/www.covid19evaluation.ie\/ga\/an-t-eolas-is-deanai-ar-luathobair-bhreithmheastoireacht-covid-19\/"]}]},{"@type":"BreadcrumbList","@id":"https:\/\/www.covid19evaluation.ie\/ga\/an-t-eolas-is-deanai-ar-luathobair-bhreithmheastoireacht-covid-19\/#breadcrumb","itemListElement":[{"@type":"ListItem","position":1,"name":"Home","item":"https:\/\/www.covid19evaluation.ie\/ga\/"},{"@type":"ListItem","position":2,"name":"An t-eolas is d\u00e9ana\u00ed ar luathobair Bhreithmheast\u00f3ireacht COVID-19"}]},{"@type":"WebSite","@id":"https:\/\/www.covid19evaluation.ie\/#website","url":"https:\/\/www.covid19evaluation.ie\/","name":"https:\/\/www.covid19evaluation.ie\/","description":"","publisher":{"@id":"https:\/\/www.covid19evaluation.ie\/#organization"},"potentialAction":[{"@type":"SearchAction","target":{"@type":"EntryPoint","urlTemplate":"https:\/\/www.covid19evaluation.ie\/?s={search_term_string}"},"query-input":{"@type":"PropertyValueSpecification","valueRequired":true,"valueName":"search_term_string"}}],"inLanguage":"ga-IE"},{"@type":"Organization","@id":"https:\/\/www.covid19evaluation.ie\/#organization","name":"COVID-19 Evaluation Panel","url":"https:\/\/www.covid19evaluation.ie\/","logo":{"@type":"ImageObject","inLanguage":"ga-IE","@id":"https:\/\/www.covid19evaluation.ie\/#\/schema\/logo\/image\/","url":"https:\/\/www.covid19evaluation.ie\/app\/uploads\/2025\/01\/C19Eval-Logo.png","contentUrl":"https:\/\/www.covid19evaluation.ie\/app\/uploads\/2025\/01\/C19Eval-Logo.png","width":499,"height":181,"caption":"COVID-19 Evaluation Panel"},"image":{"@id":"https:\/\/www.covid19evaluation.ie\/#\/schema\/logo\/image\/"}},{"@type":"Person","@id":"https:\/\/www.covid19evaluation.ie\/#\/schema\/person\/f05dc0494ce21cabb8a3aebdab17fef6","name":"Padraig","image":{"@type":"ImageObject","inLanguage":"ga-IE","@id":"https:\/\/secure.gravatar.com\/avatar\/95919b15397c5874edbfcd2956fd11ba92f0c1ea67df40f470e6f664c488e1f6?s=96&d=mm&r=g","url":"https:\/\/secure.gravatar.com\/avatar\/95919b15397c5874edbfcd2956fd11ba92f0c1ea67df40f470e6f664c488e1f6?s=96&d=mm&r=g","contentUrl":"https:\/\/secure.gravatar.com\/avatar\/95919b15397c5874edbfcd2956fd11ba92f0c1ea67df40f470e6f664c488e1f6?s=96&d=mm&r=g","caption":"Padraig"}}]}},"spectra_custom_meta":{"_encloseme":["1"],"_top_nav_excluded":[""],"_cms_nav_minihome":[""],"_last_translation_edit_mode":["native-editor"],"_edit_lock":["1742922997:5"],"_edit_last":["5"],"_yoast_wpseo_primary_category":[""],"_wpml_media_duplicate":["1"],"_wpml_media_featured":["1"],"_yoast_wpseo_content_score":["60"],"_yoast_wpseo_estimated-reading-time-minutes":["1"]},"uagb_featured_image_src":{"full":false,"thumbnail":false,"medium":false,"medium_large":false,"large":false,"1536x1536":false,"2048x2048":false,"gform-image-choice-sm":false,"gform-image-choice-md":false,"gform-image-choice-lg":false},"uagb_author_info":{"display_name":"Padraig","author_link":"https:\/\/www.covid19evaluation.ie\/ga\/author\/padraig\/"},"uagb_comment_info":0,"uagb_excerpt":"Baile&nbsp;&gt;&nbsp;Nuacht agus an tEolas is D\u00e9ana\u00ed An t-eolas is d\u00e9ana\u00ed ar luathobair Bhreithmheast\u00f3ireacht COVID-19 11\/03\/2025 Le c\u00fapla seachtain anuas, t\u00e1 Breithmheast\u00f3ireacht COVID-19 d\u00edrithe ar obair ullmh\u00fach\u00e1in agus ar bheith ag cur leis an bhfoireann. T\u00e1 an-\u00e1thas ar an gCathaoirleach a dheimhni\u00fa go bhfuil an tOllamh David Heymann le bheith ar an bPain\u00e9al Breithmheast\u00f3ireachta. Roinnfidh seisean&hellip;","_links":{"self":[{"href":"https:\/\/www.covid19evaluation.ie\/ga\/wp-json\/wp\/v2\/posts\/925","targetHints":{"allow":["GET"]}}],"collection":[{"href":"https:\/\/www.covid19evaluation.ie\/ga\/wp-json\/wp\/v2\/posts"}],"about":[{"href":"https:\/\/www.covid19evaluation.ie\/ga\/wp-json\/wp\/v2\/types\/post"}],"author":[{"embeddable":true,"href":"https:\/\/www.covid19evaluation.ie\/ga\/wp-json\/wp\/v2\/users\/5"}],"replies":[{"embeddable":true,"href":"https:\/\/www.covid19evaluation.ie\/ga\/wp-json\/wp\/v2\/comments?post=925"}],"version-history":[{"count":5,"href":"https:\/\/www.covid19evaluation.ie\/ga\/wp-json\/wp\/v2\/posts\/925\/revisions"}],"predecessor-version":[{"id":932,"href":"https:\/\/www.covid19evaluation.ie\/ga\/wp-json\/wp\/v2\/posts\/925\/revisions\/932"}],"wp:attachment":[{"href":"https:\/\/www.covid19evaluation.ie\/ga\/wp-json\/wp\/v2\/media?parent=925"}],"wp:term":[{"taxonomy":"category","embeddable":true,"href":"https:\/\/www.covid19evaluation.ie\/ga\/wp-json\/wp\/v2\/categories?post=925"},{"taxonomy":"post_tag","embeddable":true,"href":"https:\/\/www.covid19evaluation.ie\/ga\/wp-json\/wp\/v2\/tags?post=925"}],"curies":[{"name":"wp","href":"https:\/\/api.w.org\/{rel}","templated":true}]}}