{"id":1314,"date":"2025-05-22T12:45:12","date_gmt":"2025-05-22T11:45:12","guid":{"rendered":"https:\/\/www.covid19evaluation.ie\/tus-curtha-ag-breithmheastoireacht-neamhspleach-covid-19-na-heireann-le-comhairliuchan-poibli\/"},"modified":"2025-05-22T12:50:46","modified_gmt":"2025-05-22T11:50:46","slug":"tus-curtha-ag-breithmheastoireacht-neamhspleach-covid-19-na-heireann-le-comhairliuchan-poibli","status":"publish","type":"post","link":"https:\/\/www.covid19evaluation.ie\/ga\/tus-curtha-ag-breithmheastoireacht-neamhspleach-covid-19-na-heireann-le-comhairliuchan-poibli\/","title":{"rendered":"T\u00fas curtha ag Breithmheast\u00f3ireacht Neamhsple\u00e1ch COVID-19 na h\u00c9ireann le Comhairli\u00fach\u00e1n Poibl\u00ed"},"content":{"rendered":"\n<div class=\"wp-block-uagb-container uagb-block-423fe0de alignfull uagb-is-root-container\"><div class=\"uagb-container-inner-blocks-wrap\">\n<div class=\"wp-block-uagb-advanced-heading uagb-block-b824222d\"><h1 class=\"uagb-heading-text\"><strong>T\u00fas curtha ag Breithmheast\u00f3ireacht Neamhsple\u00e1ch COVID-19 na h\u00c9ireann le Comhairli\u00fach\u00e1n Poibl\u00ed<\/strong><\/h1><\/div>\n\n\n\n<div class=\"wp-block-uagb-advanced-heading uagb-block-2079a007\"><p class=\"uagb-heading-text\"><strong>Baile \u00c1tha Cliath, 22 Bealtaine <\/strong>\u2014 Sheol pain\u00e9al saineolaithe neamhsple\u00e1ch, at\u00e1 ag tabhairt faoi Bhreithmheast\u00f3ireacht COVID-19 na h\u00c9ireann, comhairli\u00fach\u00e1n poibl\u00ed ar fud na t\u00edre inniu agus iad ag tabhairt cuireadh do dhaoine aonair, teaghlaigh, oibrithe, c\u00faram\u00f3ir\u00ed, pobail agus gn\u00f3lachta\u00ed a dtaith\u00ed ar an bpaind\u00e9im a roinnt.<\/p><\/div>\n\n\n\n<div class=\"wp-block-uagb-advanced-heading uagb-block-ab7b28f7\"><p class=\"uagb-heading-text\">Is eintiteas neamhsple\u00e1ch neamhreacht\u00fail \u00e9 Breithmheast\u00f3ireacht COVID-19 na h\u00c9ireann, faoi chathaoirleacht an Ollaimh Anne Scott. Is \u00e9 an cusp\u00f3ir at\u00e1 leis ceachtanna a fhoghlaim \u00f3n bpaind\u00e9im tr\u00ed scr\u00fad\u00fa a dh\u00e9anamh ar fhreagairt agus ar thionchar na h\u00c9ireann ar sheirbh\u00eds\u00ed sl\u00e1inte agus c\u00faraim, ar an tsocha\u00ed i gcoitinne agus ar an ngeilleagar.<\/p><\/div>\n\n\n\n<div class=\"wp-block-uagb-advanced-heading uagb-block-00fb8d07\"><p class=\"uagb-heading-text\">Is gn\u00e9 amh\u00e1in de chl\u00e1r oibre n\u00edos leithne \u00e9 an comhairli\u00fach\u00e1n seo. Beidh na l\u00e9argais a bhaileofar mar bhonn eolais faoi thuarasc\u00e1il deiridh na Breithmheast\u00f3ireachta, anail\u00eds chuimsitheach bunaithe ar fhianaise chun cabhr\u00fa le h\u00c9irinn ullmh\u00fa ar bhealach n\u00edos \u00e9ifeachta\u00ed d&#8217;\u00e9igeand\u00e1la\u00ed amach anseo.<\/p><\/div>\n\n\n\n<div class=\"wp-block-uagb-advanced-heading uagb-block-8c288434\"><p class=\"uagb-heading-text\">Is f\u00e9idir \u00e9 a fh\u00e1il ar l\u00edne ag <a href=\"https:\/\/www.covid19evaluation.ie\/ga\/do-thaithi-fein-a-chur-in-iul\/\">covid19evaluation.ie\/share-your-experience <\/a>&nbsp;agus t\u00e1 an comhairli\u00fach\u00e1n oscailte do gach duine f\u00e1sta ar fud na t\u00edre. Tugtar deis do dhaoine an chaoi a ndeachaigh an fhreagairt ar an bpaind\u00e9im i bhfeidhm orthu a insint chun bonn eolais a chur faoi fhoghlaim sa todhcha\u00ed. Is f\u00e9idir le daoine aonair freagra a thabhairt tr\u00ed shuirbh\u00e9 ar l\u00edne n\u00f3 tr\u00ed aighneacht scr\u00edofa. Tugtar cuireadh d&#8217;eagra\u00edochta\u00ed p\u00e1irtithe leasmhara aighneachta\u00ed foirmi\u00fala a chur ar f\u00e1il freisin.<\/p><\/div>\n\n\n\n<div class=\"wp-block-uagb-advanced-heading uagb-block-d240a453\"><p class=\"uagb-heading-text\">Cuireann pain\u00e9al ildiscipl\u00edneach saineolaithe n\u00e1isi\u00fanta agus idirn\u00e1isi\u00fanta taca\u00edocht ar f\u00e1il don Bhreithmheast\u00f3ireacht. T\u00e1 tri\u00far ball eile, an Dr Nat O&#8217;Connor, an tOllamh Bert Gordijn, agus an Dr Nora Strecker ar an bpain\u00e9al anois, chomh maith leis an gCathaoirleach, an tOllamh David Heymann, agus iad ag neart\u00fa a fhairsinge agus a shaineolais tuilleadh.<\/p><\/div>\n\n\n\n<div class=\"wp-block-uagb-advanced-heading uagb-block-7eabd0f1\"><p class=\"uagb-heading-text\">Ag labhairt d\u00f3 roimh r\u00e9, d\u00fairt an tOllamh Scott, Cathaoirleach Bhreithmheast\u00f3ireacht COVID-19:<\/p><\/div>\n\n\n\n<div class=\"wp-block-uagb-advanced-heading uagb-block-e9b6f220\"><p class=\"uagb-heading-text\"><em>&#8220;Inniu t\u00e1imid ag tabhairt cuireadh do bhaill an phobail a dtaith\u00ed ar an bpaind\u00e9im a roinnt. Is \u00e9 seo an ch\u00e9ad ch\u00e9im chun l\u00e9iri\u00fa soil\u00e9ir mac\u00e1nta a thabhairt ar an gcaoi ar mhair agus ar mhothaigh daoine aonair, teaghlaigh agus pobail ar fud na h\u00c9ireann le linn COVID-19. Is \u00e9 an aidhm at\u00e1 againn meas\u00fan\u00fa cr\u00edochn\u00fail neamhsple\u00e1ch a dh\u00e9anamh ar fhreagairt na h\u00c9ireann ar an bpaind\u00e9im. Ceann a l\u00e9ir\u00edonn an f\u00edorshaol chomh maith le taifid oifigi\u00fala. <\/em><\/p><\/div>\n\n\n\n<div class=\"wp-block-uagb-advanced-heading uagb-block-c4361e8c\"><p class=\"uagb-heading-text\"><em>C\u00e9 gur cuireadh roinnt tuarasc\u00e1lacha agus anail\u00edse le ch\u00e9ile cheana f\u00e9in, n\u00edl aon fhorl\u00e9argas amh\u00e1in ann ar thionchar ioml\u00e1n COVID-19 ar shocha\u00ed na h\u00c9ireann. Tr\u00ed athbhreithni\u00fa a dh\u00e9anamh ar na c\u00e1ip\u00e9is\u00ed at\u00e1 ann cheana, leas a bhaint as taighde idirn\u00e1isi\u00fanta agus n\u00e1isi\u00fanta, agus dul i ngleic go d\u00edreach le pr\u00edomhchinnteoir\u00ed, t\u00e1 s\u00e9 mar aidhm againn tuiscint a fh\u00e1il ar ar oibrigh agus n\u00e1r oibrigh. <\/em><\/p><\/div>\n\n\n\n<div class=\"wp-block-uagb-advanced-heading uagb-block-f3838fb8\"><p class=\"uagb-heading-text\"><em>&#8220;Baineann s\u00e9 lena bheith ag foghlaim \u2014 agus a chinnti\u00fa go mbeidh \u00c9ire n\u00edos ullmhaithe sa todhcha\u00ed.\u201d<\/em><\/p><\/div>\n\n\n\n<div class=\"wp-block-uagb-advanced-heading uagb-block-84681356\"><p class=\"uagb-heading-text\">Forbr\u00f3idh an Bhreithmheast\u00f3ireacht tuiscint mhionsonraithe ar fhreagairt na h\u00c9ireann ar fud na hearn\u00e1la sl\u00e1inte agus c\u00faraim, na socha\u00ed agus an gheilleagair. Tarraingeofar ar r\u00e9imse leathan ionchur, lena n-\u00e1ir\u00edtear c\u00e1ip\u00e9is\u00edocht a iarradh, taighde agus taith\u00ed mhaireacht\u00e1la, chun Tuarasc\u00e1il deiridh a chur ar f\u00e1il laistigh de 12-18 m\u00ed.<\/p><\/div>\n\n\n\n<div class=\"wp-block-uagb-advanced-heading uagb-block-2cff3256\"><p class=\"uagb-heading-text\">T\u00e1 an comhairli\u00fach\u00e1n oscailte anois agus mairfidh s\u00e9 go dt\u00ed an 1 I\u00fail. Is f\u00e9idir le daoine aonair agus le heagra\u00edochta\u00ed p\u00e1irt a ghlacadh ag <a href=\"https:\/\/www.covid19evaluation.ie\/ga\/do-thaithi-fein-a-chur-in-iul\/\">covid19evaluation.ie\/share-your-experience\/<\/a><\/p><\/div>\n\n\n\n<p><\/p>\n<\/div><\/div>\n","protected":false},"excerpt":{"rendered":"<p>T\u00fas curtha ag Breithmheast\u00f3ireacht Neamhsple\u00e1ch COVID-19 na h\u00c9ireann le Comhairli\u00fach\u00e1n Poibl\u00ed Baile \u00c1tha Cliath, 22 Bealtaine \u2014 Sheol pain\u00e9al saineolaithe neamhsple\u00e1ch, at\u00e1 ag tabhairt faoi Bhreithmheast\u00f3ireacht COVID-19 na h\u00c9ireann, comhairli\u00fach\u00e1n poibl\u00ed ar fud na t\u00edre inniu agus iad ag tabhairt cuireadh do dhaoine aonair, teaghlaigh, oibrithe, c\u00faram\u00f3ir\u00ed, pobail agus gn\u00f3lachta\u00ed a dtaith\u00ed ar an bpaind\u00e9im [&hellip;]<\/p>\n","protected":false},"author":3,"featured_media":0,"comment_status":"closed","ping_status":"closed","sticky":false,"template":"","format":"standard","meta":{"_acf_changed":false,"_uag_custom_page_level_css":"","footnotes":""},"categories":[],"tags":[],"class_list":["post-1314","post","type-post","status-publish","format-standard","hentry"],"acf":[],"yoast_head":"<!-- This site is optimized with the Yoast SEO plugin v27.2 - https:\/\/yoast.com\/product\/yoast-seo-wordpress\/ -->\n<title>T\u00fas curtha ag Breithmheast\u00f3ireacht Neamhsple\u00e1ch COVID-19 na h\u00c9ireann le Comhairli\u00fach\u00e1n Poibl\u00ed - COVID-19 Evaluation<\/title>\n<meta name=\"robots\" content=\"index, follow, max-snippet:-1, max-image-preview:large, max-video-preview:-1\" \/>\n<link rel=\"canonical\" href=\"https:\/\/www.covid19evaluation.ie\/irelands-independent-covid-19-evaluation-opens-public-consultation\/\" \/>\n<meta property=\"og:locale\" content=\"ga_IE\" \/>\n<meta property=\"og:type\" content=\"article\" \/>\n<meta property=\"og:title\" content=\"T\u00fas curtha ag Breithmheast\u00f3ireacht Neamhsple\u00e1ch COVID-19 na h\u00c9ireann le Comhairli\u00fach\u00e1n Poibl\u00ed - COVID-19 Evaluation\" \/>\n<meta property=\"og:description\" content=\"T\u00fas curtha ag Breithmheast\u00f3ireacht Neamhsple\u00e1ch COVID-19 na h\u00c9ireann le Comhairli\u00fach\u00e1n Poibl\u00ed Baile \u00c1tha Cliath, 22 Bealtaine \u2014 Sheol pain\u00e9al saineolaithe neamhsple\u00e1ch, at\u00e1 ag tabhairt faoi Bhreithmheast\u00f3ireacht COVID-19 na h\u00c9ireann, comhairli\u00fach\u00e1n poibl\u00ed ar fud na t\u00edre inniu agus iad ag tabhairt cuireadh do dhaoine aonair, teaghlaigh, oibrithe, c\u00faram\u00f3ir\u00ed, pobail agus gn\u00f3lachta\u00ed a dtaith\u00ed ar an bpaind\u00e9im [&hellip;]\" \/>\n<meta property=\"og:url\" content=\"https:\/\/www.covid19evaluation.ie\/irelands-independent-covid-19-evaluation-opens-public-consultation\/\" \/>\n<meta property=\"og:site_name\" content=\"COVID-19 Evaluation\" \/>\n<meta property=\"article:published_time\" content=\"2025-05-22T11:45:12+00:00\" \/>\n<meta property=\"article:modified_time\" content=\"2025-05-22T11:50:46+00:00\" \/>\n<meta name=\"author\" content=\"Diarmaid\" \/>\n<meta name=\"twitter:card\" content=\"summary_large_image\" \/>\n<meta name=\"twitter:label1\" content=\"Written by\" \/>\n\t<meta name=\"twitter:data1\" content=\"Diarmaid\" \/>\n\t<meta name=\"twitter:label2\" content=\"Est. reading time\" \/>\n\t<meta name=\"twitter:data2\" content=\"3 minutes\" \/>\n<script type=\"application\/ld+json\" class=\"yoast-schema-graph\">{\"@context\":\"https:\/\/schema.org\",\"@graph\":[{\"@type\":\"Article\",\"@id\":\"https:\/\/www.covid19evaluation.ie\/irelands-independent-covid-19-evaluation-opens-public-consultation\/#article\",\"isPartOf\":{\"@id\":\"https:\/\/www.covid19evaluation.ie\/irelands-independent-covid-19-evaluation-opens-public-consultation\/\"},\"author\":{\"name\":\"Diarmaid\",\"@id\":\"https:\/\/www.covid19evaluation.ie\/#\/schema\/person\/e12d0be3675833f02176948efb94a095\"},\"headline\":\"T\u00fas curtha ag Breithmheast\u00f3ireacht Neamhsple\u00e1ch COVID-19 na h\u00c9ireann le Comhairli\u00fach\u00e1n Poibl\u00ed\",\"datePublished\":\"2025-05-22T11:45:12+00:00\",\"dateModified\":\"2025-05-22T11:50:46+00:00\",\"mainEntityOfPage\":{\"@id\":\"https:\/\/www.covid19evaluation.ie\/irelands-independent-covid-19-evaluation-opens-public-consultation\/\"},\"wordCount\":667,\"publisher\":{\"@id\":\"https:\/\/www.covid19evaluation.ie\/#organization\"},\"inLanguage\":\"ga-IE\"},{\"@type\":\"WebPage\",\"@id\":\"https:\/\/www.covid19evaluation.ie\/irelands-independent-covid-19-evaluation-opens-public-consultation\/\",\"url\":\"https:\/\/www.covid19evaluation.ie\/irelands-independent-covid-19-evaluation-opens-public-consultation\/\",\"name\":\"T\u00fas curtha ag Breithmheast\u00f3ireacht Neamhsple\u00e1ch COVID-19 na h\u00c9ireann le Comhairli\u00fach\u00e1n Poibl\u00ed - COVID-19 Evaluation\",\"isPartOf\":{\"@id\":\"https:\/\/www.covid19evaluation.ie\/#website\"},\"datePublished\":\"2025-05-22T11:45:12+00:00\",\"dateModified\":\"2025-05-22T11:50:46+00:00\",\"breadcrumb\":{\"@id\":\"https:\/\/www.covid19evaluation.ie\/irelands-independent-covid-19-evaluation-opens-public-consultation\/#breadcrumb\"},\"inLanguage\":\"ga-IE\",\"potentialAction\":[{\"@type\":\"ReadAction\",\"target\":[\"https:\/\/www.covid19evaluation.ie\/irelands-independent-covid-19-evaluation-opens-public-consultation\/\"]}]},{\"@type\":\"BreadcrumbList\",\"@id\":\"https:\/\/www.covid19evaluation.ie\/irelands-independent-covid-19-evaluation-opens-public-consultation\/#breadcrumb\",\"itemListElement\":[{\"@type\":\"ListItem\",\"position\":1,\"name\":\"Home\",\"item\":\"https:\/\/www.covid19evaluation.ie\/ga\/\"},{\"@type\":\"ListItem\",\"position\":2,\"name\":\"T\u00fas curtha ag Breithmheast\u00f3ireacht Neamhsple\u00e1ch COVID-19 na h\u00c9ireann le Comhairli\u00fach\u00e1n Poibl\u00ed\"}]},{\"@type\":\"WebSite\",\"@id\":\"https:\/\/www.covid19evaluation.ie\/#website\",\"url\":\"https:\/\/www.covid19evaluation.ie\/\",\"name\":\"https:\/\/www.covid19evaluation.ie\/\",\"description\":\"\",\"publisher\":{\"@id\":\"https:\/\/www.covid19evaluation.ie\/#organization\"},\"potentialAction\":[{\"@type\":\"SearchAction\",\"target\":{\"@type\":\"EntryPoint\",\"urlTemplate\":\"https:\/\/www.covid19evaluation.ie\/?s={search_term_string}\"},\"query-input\":{\"@type\":\"PropertyValueSpecification\",\"valueRequired\":true,\"valueName\":\"search_term_string\"}}],\"inLanguage\":\"ga-IE\"},{\"@type\":\"Organization\",\"@id\":\"https:\/\/www.covid19evaluation.ie\/#organization\",\"name\":\"COVID-19 Evaluation Panel\",\"url\":\"https:\/\/www.covid19evaluation.ie\/\",\"logo\":{\"@type\":\"ImageObject\",\"inLanguage\":\"ga-IE\",\"@id\":\"https:\/\/www.covid19evaluation.ie\/#\/schema\/logo\/image\/\",\"url\":\"https:\/\/www.covid19evaluation.ie\/app\/uploads\/2025\/01\/C19Eval-Logo.png\",\"contentUrl\":\"https:\/\/www.covid19evaluation.ie\/app\/uploads\/2025\/01\/C19Eval-Logo.png\",\"width\":499,\"height\":181,\"caption\":\"COVID-19 Evaluation Panel\"},\"image\":{\"@id\":\"https:\/\/www.covid19evaluation.ie\/#\/schema\/logo\/image\/\"}},{\"@type\":\"Person\",\"@id\":\"https:\/\/www.covid19evaluation.ie\/#\/schema\/person\/e12d0be3675833f02176948efb94a095\",\"name\":\"Diarmaid\",\"image\":{\"@type\":\"ImageObject\",\"inLanguage\":\"ga-IE\",\"@id\":\"https:\/\/secure.gravatar.com\/avatar\/504c537c5d8307848e690ba5ba6c54a521014e90dadbc3ca86ea7d2263104655?s=96&d=mm&r=g\",\"url\":\"https:\/\/secure.gravatar.com\/avatar\/504c537c5d8307848e690ba5ba6c54a521014e90dadbc3ca86ea7d2263104655?s=96&d=mm&r=g\",\"contentUrl\":\"https:\/\/secure.gravatar.com\/avatar\/504c537c5d8307848e690ba5ba6c54a521014e90dadbc3ca86ea7d2263104655?s=96&d=mm&r=g\",\"caption\":\"Diarmaid\"}}]}<\/script>\n<!-- \/ Yoast SEO plugin. -->","yoast_head_json":{"title":"T\u00fas curtha ag Breithmheast\u00f3ireacht Neamhsple\u00e1ch COVID-19 na h\u00c9ireann le Comhairli\u00fach\u00e1n Poibl\u00ed - COVID-19 Evaluation","robots":{"index":"index","follow":"follow","max-snippet":"max-snippet:-1","max-image-preview":"max-image-preview:large","max-video-preview":"max-video-preview:-1"},"canonical":"https:\/\/www.covid19evaluation.ie\/irelands-independent-covid-19-evaluation-opens-public-consultation\/","og_locale":"ga_IE","og_type":"article","og_title":"T\u00fas curtha ag Breithmheast\u00f3ireacht Neamhsple\u00e1ch COVID-19 na h\u00c9ireann le Comhairli\u00fach\u00e1n Poibl\u00ed - COVID-19 Evaluation","og_description":"T\u00fas curtha ag Breithmheast\u00f3ireacht Neamhsple\u00e1ch COVID-19 na h\u00c9ireann le Comhairli\u00fach\u00e1n Poibl\u00ed Baile \u00c1tha Cliath, 22 Bealtaine \u2014 Sheol pain\u00e9al saineolaithe neamhsple\u00e1ch, at\u00e1 ag tabhairt faoi Bhreithmheast\u00f3ireacht COVID-19 na h\u00c9ireann, comhairli\u00fach\u00e1n poibl\u00ed ar fud na t\u00edre inniu agus iad ag tabhairt cuireadh do dhaoine aonair, teaghlaigh, oibrithe, c\u00faram\u00f3ir\u00ed, pobail agus gn\u00f3lachta\u00ed a dtaith\u00ed ar an bpaind\u00e9im [&hellip;]","og_url":"https:\/\/www.covid19evaluation.ie\/irelands-independent-covid-19-evaluation-opens-public-consultation\/","og_site_name":"COVID-19 Evaluation","article_published_time":"2025-05-22T11:45:12+00:00","article_modified_time":"2025-05-22T11:50:46+00:00","author":"Diarmaid","twitter_card":"summary_large_image","twitter_misc":{"Written by":"Diarmaid","Est. reading time":"3 minutes"},"schema":{"@context":"https:\/\/schema.org","@graph":[{"@type":"Article","@id":"https:\/\/www.covid19evaluation.ie\/irelands-independent-covid-19-evaluation-opens-public-consultation\/#article","isPartOf":{"@id":"https:\/\/www.covid19evaluation.ie\/irelands-independent-covid-19-evaluation-opens-public-consultation\/"},"author":{"name":"Diarmaid","@id":"https:\/\/www.covid19evaluation.ie\/#\/schema\/person\/e12d0be3675833f02176948efb94a095"},"headline":"T\u00fas curtha ag Breithmheast\u00f3ireacht Neamhsple\u00e1ch COVID-19 na h\u00c9ireann le Comhairli\u00fach\u00e1n Poibl\u00ed","datePublished":"2025-05-22T11:45:12+00:00","dateModified":"2025-05-22T11:50:46+00:00","mainEntityOfPage":{"@id":"https:\/\/www.covid19evaluation.ie\/irelands-independent-covid-19-evaluation-opens-public-consultation\/"},"wordCount":667,"publisher":{"@id":"https:\/\/www.covid19evaluation.ie\/#organization"},"inLanguage":"ga-IE"},{"@type":"WebPage","@id":"https:\/\/www.covid19evaluation.ie\/irelands-independent-covid-19-evaluation-opens-public-consultation\/","url":"https:\/\/www.covid19evaluation.ie\/irelands-independent-covid-19-evaluation-opens-public-consultation\/","name":"T\u00fas curtha ag Breithmheast\u00f3ireacht Neamhsple\u00e1ch COVID-19 na h\u00c9ireann le Comhairli\u00fach\u00e1n Poibl\u00ed - COVID-19 Evaluation","isPartOf":{"@id":"https:\/\/www.covid19evaluation.ie\/#website"},"datePublished":"2025-05-22T11:45:12+00:00","dateModified":"2025-05-22T11:50:46+00:00","breadcrumb":{"@id":"https:\/\/www.covid19evaluation.ie\/irelands-independent-covid-19-evaluation-opens-public-consultation\/#breadcrumb"},"inLanguage":"ga-IE","potentialAction":[{"@type":"ReadAction","target":["https:\/\/www.covid19evaluation.ie\/irelands-independent-covid-19-evaluation-opens-public-consultation\/"]}]},{"@type":"BreadcrumbList","@id":"https:\/\/www.covid19evaluation.ie\/irelands-independent-covid-19-evaluation-opens-public-consultation\/#breadcrumb","itemListElement":[{"@type":"ListItem","position":1,"name":"Home","item":"https:\/\/www.covid19evaluation.ie\/ga\/"},{"@type":"ListItem","position":2,"name":"T\u00fas curtha ag Breithmheast\u00f3ireacht Neamhsple\u00e1ch COVID-19 na h\u00c9ireann le Comhairli\u00fach\u00e1n Poibl\u00ed"}]},{"@type":"WebSite","@id":"https:\/\/www.covid19evaluation.ie\/#website","url":"https:\/\/www.covid19evaluation.ie\/","name":"https:\/\/www.covid19evaluation.ie\/","description":"","publisher":{"@id":"https:\/\/www.covid19evaluation.ie\/#organization"},"potentialAction":[{"@type":"SearchAction","target":{"@type":"EntryPoint","urlTemplate":"https:\/\/www.covid19evaluation.ie\/?s={search_term_string}"},"query-input":{"@type":"PropertyValueSpecification","valueRequired":true,"valueName":"search_term_string"}}],"inLanguage":"ga-IE"},{"@type":"Organization","@id":"https:\/\/www.covid19evaluation.ie\/#organization","name":"COVID-19 Evaluation Panel","url":"https:\/\/www.covid19evaluation.ie\/","logo":{"@type":"ImageObject","inLanguage":"ga-IE","@id":"https:\/\/www.covid19evaluation.ie\/#\/schema\/logo\/image\/","url":"https:\/\/www.covid19evaluation.ie\/app\/uploads\/2025\/01\/C19Eval-Logo.png","contentUrl":"https:\/\/www.covid19evaluation.ie\/app\/uploads\/2025\/01\/C19Eval-Logo.png","width":499,"height":181,"caption":"COVID-19 Evaluation Panel"},"image":{"@id":"https:\/\/www.covid19evaluation.ie\/#\/schema\/logo\/image\/"}},{"@type":"Person","@id":"https:\/\/www.covid19evaluation.ie\/#\/schema\/person\/e12d0be3675833f02176948efb94a095","name":"Diarmaid","image":{"@type":"ImageObject","inLanguage":"ga-IE","@id":"https:\/\/secure.gravatar.com\/avatar\/504c537c5d8307848e690ba5ba6c54a521014e90dadbc3ca86ea7d2263104655?s=96&d=mm&r=g","url":"https:\/\/secure.gravatar.com\/avatar\/504c537c5d8307848e690ba5ba6c54a521014e90dadbc3ca86ea7d2263104655?s=96&d=mm&r=g","contentUrl":"https:\/\/secure.gravatar.com\/avatar\/504c537c5d8307848e690ba5ba6c54a521014e90dadbc3ca86ea7d2263104655?s=96&d=mm&r=g","caption":"Diarmaid"}}]}},"spectra_custom_meta":{"_encloseme":["1"],"_top_nav_excluded":[""],"_cms_nav_minihome":[""],"_last_translation_edit_mode":["native-editor"],"_wpml_word_count":["641"],"_edit_lock":["1747914649:5"],"_edit_last":["5"],"_wpml_media_duplicate":["1"],"_wpml_media_featured":["1"],"_yoast_wpseo_content_score":["30"],"_yoast_wpseo_estimated-reading-time-minutes":["3"],"_yoast_wpseo_primary_category":["1"]},"uagb_featured_image_src":{"full":false,"thumbnail":false,"medium":false,"medium_large":false,"large":false,"1536x1536":false,"2048x2048":false,"gform-image-choice-sm":false,"gform-image-choice-md":false,"gform-image-choice-lg":false},"uagb_author_info":{"display_name":"Diarmaid","author_link":"https:\/\/www.covid19evaluation.ie\/ga\/author\/diarmaid\/"},"uagb_comment_info":0,"uagb_excerpt":"T\u00fas curtha ag Breithmheast\u00f3ireacht Neamhsple\u00e1ch COVID-19 na h\u00c9ireann le Comhairli\u00fach\u00e1n Poibl\u00ed Baile \u00c1tha Cliath, 22 Bealtaine \u2014 Sheol pain\u00e9al saineolaithe neamhsple\u00e1ch, at\u00e1 ag tabhairt faoi Bhreithmheast\u00f3ireacht COVID-19 na h\u00c9ireann, comhairli\u00fach\u00e1n poibl\u00ed ar fud na t\u00edre inniu agus iad ag tabhairt cuireadh do dhaoine aonair, teaghlaigh, oibrithe, c\u00faram\u00f3ir\u00ed, pobail agus gn\u00f3lachta\u00ed a dtaith\u00ed ar an bpaind\u00e9im&hellip;","_links":{"self":[{"href":"https:\/\/www.covid19evaluation.ie\/ga\/wp-json\/wp\/v2\/posts\/1314","targetHints":{"allow":["GET"]}}],"collection":[{"href":"https:\/\/www.covid19evaluation.ie\/ga\/wp-json\/wp\/v2\/posts"}],"about":[{"href":"https:\/\/www.covid19evaluation.ie\/ga\/wp-json\/wp\/v2\/types\/post"}],"author":[{"embeddable":true,"href":"https:\/\/www.covid19evaluation.ie\/ga\/wp-json\/wp\/v2\/users\/3"}],"replies":[{"embeddable":true,"href":"https:\/\/www.covid19evaluation.ie\/ga\/wp-json\/wp\/v2\/comments?post=1314"}],"version-history":[{"count":2,"href":"https:\/\/www.covid19evaluation.ie\/ga\/wp-json\/wp\/v2\/posts\/1314\/revisions"}],"predecessor-version":[{"id":1318,"href":"https:\/\/www.covid19evaluation.ie\/ga\/wp-json\/wp\/v2\/posts\/1314\/revisions\/1318"}],"wp:attachment":[{"href":"https:\/\/www.covid19evaluation.ie\/ga\/wp-json\/wp\/v2\/media?parent=1314"}],"wp:term":[{"taxonomy":"category","embeddable":true,"href":"https:\/\/www.covid19evaluation.ie\/ga\/wp-json\/wp\/v2\/categories?post=1314"},{"taxonomy":"post_tag","embeddable":true,"href":"https:\/\/www.covid19evaluation.ie\/ga\/wp-json\/wp\/v2\/tags?post=1314"}],"curies":[{"name":"wp","href":"https:\/\/api.w.org\/{rel}","templated":true}]}}